{"id":61,"date":"2019-01-26T11:15:19","date_gmt":"2019-01-26T11:15:19","guid":{"rendered":"http:\/\/projektwissen.com\/?p=61"},"modified":"2019-01-31T09:42:29","modified_gmt":"2019-01-31T09:42:29","slug":"die-temporaere-organisation-grundlagen-der-kooperation-gestaltung-und-beratung","status":"publish","type":"post","link":"http:\/\/projektwissen.com\/?p=61","title":{"rendered":"\u201cDie tempor\u00e4re Organisation: Grundlagen der Kooperation, Gestaltung und Beratung\u201d"},"content":{"rendered":"\n<ul class=\"wp-block-gallery aligncenter columns-1 is-cropped\"><li class=\"blocks-gallery-item\"><figure><img src=\"http:\/\/sibylle-peters.de\/wp-content\/uploads\/2016\/02\/elbe-peter-stempor%C3%A4re-organisation.png\" alt=\"\" data-id=\"416\" class=\"wp-image-416\"\/><\/figure><\/li><li class=\"blocks-gallery-item\"><figure><img loading=\"lazy\" width=\"306\" height=\"436\" src=\"http:\/\/projektwissen.com\/wp-content\/uploads\/2019\/01\/978-3-662-49401-1-1.jpg\" alt=\"\" data-id=\"82\" data-link=\"http:\/\/projektwissen.com\/?attachment_id=82\" class=\"wp-image-82\" srcset=\"http:\/\/projektwissen.com\/wp-content\/uploads\/2019\/01\/978-3-662-49401-1-1.jpg 306w, http:\/\/projektwissen.com\/wp-content\/uploads\/2019\/01\/978-3-662-49401-1-1-211x300.jpg 211w\" sizes=\"(max-width: 306px) 100vw, 306px\" \/><\/figure><\/li><\/ul>\n\n\n\n<p>Dieses kompakte Lehrbuch f\u00fchrt in die Grundlagen der Organisationswissenschaft ein. Die interdisziplin\u00e4re Betrachtung behandelt soziologische, volks- und betriebswirtschaftliche sowie psychologische und p\u00e4dagogische Erkenntnisse zum Gegenstand der Organisation.\u00a0Einf\u00fchrend wird die Funktion von Organisationen in modernen Gesellschaften analysiert und die Entwicklung der Organisationsidee und -theorie dargestellt. Die zentralen Gestaltungsparameter wie Strukturen, Prozesse und Projekte werden im Hauptteil ausf\u00fchrlich behandelt. Eine Besonderheit ist die Betrachtung der Ver\u00e4nderungsperspektive durch Change Agents im Schlu\u00dfteil des Lehrbuchs. Zahlreiche \u00dcbungen und Fallstudien vermitteln die Inhalte im Kontext und helfen das Erlernte auf Anwendungssituationen zu \u00fcbertragen. <\/p>\n\n\n\n<p><a rel=\"noreferrer noopener\" href=\"http:\/\/www.amazon.de\/Die-tempor%C3%A4re-Organisation-Grundlagen-Kooperation\/dp\/3662494000\/\" target=\"_blank\">\u201cDie tempor\u00e4re Organisation: Grundlagen der Kooperation, Gestaltung und Beratung\u201d von Prof. Dr. Martin Elbe und Prof. Dr. Sibylle Peters erschien am 2. Mai 2016.<\/a><br><\/p>\n","protected":false},"excerpt":{"rendered":"<p>Dieses kompakte Lehrbuch f\u00fchrt in die Grundlagen der Organisationswissenschaft ein. Die interdisziplin\u00e4re Betrachtung behandelt soziologische, volks- und betriebswirtschaftliche sowie psychologische und p\u00e4dagogische Erkenntnisse zum Gegenstand der Organisation.\u00a0Einf\u00fchrend wird die Funktion von Organisationen in modernen Gesellschaften analysiert und die Entwicklung der [&hellip;]<\/p>\n","protected":false},"author":1,"featured_media":0,"comment_status":"closed","ping_status":"closed","sticky":false,"template":"","format":"standard","meta":[],"categories":[1],"tags":[],"_links":{"self":[{"href":"http:\/\/projektwissen.com\/index.php?rest_route=\/wp\/v2\/posts\/61"}],"collection":[{"href":"http:\/\/projektwissen.com\/index.php?rest_route=\/wp\/v2\/posts"}],"about":[{"href":"http:\/\/projektwissen.com\/index.php?rest_route=\/wp\/v2\/types\/post"}],"author":[{"embeddable":true,"href":"http:\/\/projektwissen.com\/index.php?rest_route=\/wp\/v2\/users\/1"}],"replies":[{"embeddable":true,"href":"http:\/\/projektwissen.com\/index.php?rest_route=%2Fwp%2Fv2%2Fcomments&post=61"}],"version-history":[{"count":5,"href":"http:\/\/projektwissen.com\/index.php?rest_route=\/wp\/v2\/posts\/61\/revisions"}],"predecessor-version":[{"id":88,"href":"http:\/\/projektwissen.com\/index.php?rest_route=\/wp\/v2\/posts\/61\/revisions\/88"}],"wp:attachment":[{"href":"http:\/\/projektwissen.com\/index.php?rest_route=%2Fwp%2Fv2%2Fmedia&parent=61"}],"wp:term":[{"taxonomy":"category","embeddable":true,"href":"http:\/\/projektwissen.com\/index.php?rest_route=%2Fwp%2Fv2%2Fcategories&post=61"},{"taxonomy":"post_tag","embeddable":true,"href":"http:\/\/projektwissen.com\/index.php?rest_route=%2Fwp%2Fv2%2Ftags&post=61"}],"curies":[{"name":"wp","href":"https:\/\/api.w.org\/{rel}","templated":true}]}}